{"id":11807,"date":"2019-11-27T12:34:00","date_gmt":"2019-11-27T09:34:00","guid":{"rendered":"http:\/\/imunteanu.com\/ro\/?p=11807"},"modified":"2019-12-04T17:29:34","modified_gmt":"2019-12-04T14:29:34","slug":"cine-e-cee-digital-alliance-si-de-ce-s-au-intalnit-in-bucuresti","status":"publish","type":"post","link":"https:\/\/imunteanu.com\/ro\/cine-e-cee-digital-alliance-si-de-ce-s-au-intalnit-in-bucuresti\/","title":{"rendered":"Cine e CEE Digital Alliance \u0219i de ce s-au intalnit \u00een Bucure\u0219ti?"},"content":{"rendered":"<p><a href=\"https:\/\/bluealliance.eu\/en\"><span style=\"font-weight: 400;\">CEE Digital Alliance<\/span><\/a><span style=\"font-weight: 400;\">, o uniune de agen\u021bii independente de marketing digital de top din regiunea Europei Centrale \u0219i de Est, a avut cea de-a 5-a \u00eent\u00e2lnire la Bucure\u0219ti. Misiunea noastr\u0103 este s\u0103 ajutam clien\u021bii sa-\u0219i localizeze ac\u021biunile de marketing digital.<\/span><\/p>\n<p><span style=\"font-weight: 400;\">Dup\u0103 mai bine de un deceniu de experien\u021b\u0103 lucr\u00e2nd \u0219i ajut\u00e2nd companiile s\u0103 creasc\u0103, mi-am dat seama c\u0103 o agen\u021bie centrat\u0103 pe achizi\u021bia de media ar fi util s\u0103-\u0219i grupeze clien\u021bii \u00een 4 categorii majore bazate pe audien\u021ba clien\u021bilor lor \u0219i limba utilizat\u0103 \u00een campaniile lor de promovare. Aceste 4 categorii sunt:<\/span><\/p>\n<ol>\n<li style=\"font-weight: 400;\"><span style=\"font-weight: 400;\">Clien\u021bii str\u0103ini<\/span><\/li>\n<li style=\"font-weight: 400;\"><span style=\"font-weight: 400;\">Clien\u021bii locali<\/span><\/li>\n<li style=\"font-weight: 400;\"><span style=\"font-weight: 400;\">Clien\u021bi de export<\/span><\/li>\n<li style=\"font-weight: 400;\"><span style=\"font-weight: 400;\">Clien\u021bi de import<\/span><\/li>\n<\/ol>\n<p><span style=\"font-weight: 400;\">Pentru a putea \u00een\u021belege acesta grupare, am ales ca \u0219i punct de referin\u021b\u0103 <\/span><a href=\"https:\/\/webdigital.ro\/\"><span style=\"font-weight: 400;\">WebDigital<\/span><\/a><span style=\"font-weight: 400;\">, care este o agen\u021bie de marketing digital, cu sediul \u00een Rom\u00e2nia care desf\u0103\u0219oar\u0103 campanii \u00een limba rom\u00e2n\u0103 \u0219i englez\u0103.<\/span><\/p>\n<p><span style=\"font-weight: 400;\">Av\u00e2nd \u00een vedere acest lucru, hai s\u0103 vorbim despre fiecare dintre cele 4 categorii!<\/span><\/p>\n<p><b>Clien\u021bii str\u0103ini<\/b><span style=\"font-weight: 400;\"> sunt cei a c\u0103ror campanii de marketing sunt \u00een limba audien\u021bei lor pentru audien\u021ba din \u021bara str\u0103in\u0103. Aceasta este diferit\u0103 de limba \u0219i \u021bara de origine a agen\u021biei. Un exemplu, poate fi o afacere local\u0103 \u00een Marea Britanie, pe care noi, o agen\u021bie rom\u00e2neasc\u0103, o putem ajuta s\u0103 promoveze \u00een Marea Britanie pentru publicul englez \u00een limba englez\u0103.<\/span><\/p>\n<p><span style=\"font-weight: 400;\">Un alt exemplu poate fi un magazin online din Regatul Unit, care vizeaz\u0103 \u00een principal publicul britanic, ceea ce \u00eenseamn\u0103 c\u0103 campaniile pe care le facem sunt destinate acelei regiuni sau altor regiuni, vorbitoare de limb\u0103 englez\u0103. Am ales acest exemplu, deoarece \u00een prezent nu facem campanii \u00een limba francez\u0103 pentru publicul francez, dar dac\u0103 am face acest lucru, \u0219i acest exemplu ar fi, de asemenea, parte din acela\u0219i grup, clien\u021bi str\u0103ini.<\/span><\/p>\n<p><b>Clien\u021bii locali<\/b><span style=\"font-weight: 400;\"> sunt acei clien\u021bi care au sediul sau \u00ee\u0219i desf\u0103\u0219oar\u0103 activitatea \u00een Rom\u00e2nia pentru public rom\u00e2nesc \u0219i pentru care folosim limba rom\u00e2n\u0103 \u00een campaniile de promovare. Toate paginile de comunicare sunt \u00een limba rom\u00e2n\u0103. Acest grup de clien\u021bi sunt cei care beneficiaz\u0103 de know-how-ul vast al agen\u021biei locale \u00een tot ceea ce prive\u0219te cultura local\u0103.&nbsp;<\/span><\/p>\n<p><span style=\"font-weight: 400;\">\u00centr-o pia\u021b\u0103 deschis\u0103, pentru un magazin online nu este foarte complicat s\u0103 aib\u0103 c\u00e2teva comenzi de la c\u00e2\u021biva public str\u0103in, dar dac\u0103 acest num\u0103r cre\u0219te, atunci lucrurile sunt diferite, sunt necesare diferite procese, provoc\u0103rile logistice devin mai numeroase \u0219i e nevoie de o expertiz\u0103 mai ampl\u0103 a pie\u021bei pe care o targeteaza.<\/span><\/p>\n<p><b>Clien\u021bi de export<\/b><span style=\"font-weight: 400;\"> sunt clien\u021bii cu sediul \u00een Rom\u00e2nia, folosind acela\u0219i sistem de referi\u021b\u0103. Dar bine\u00een\u021beles pot fi din oricare dintre \u021b\u0103rile de origine ale agen\u021biei digitale. Un exemplu ar putea fi un magazin online rom\u00e2nesc care vrea s\u0103-\u0219i desf\u0103\u0219oare campaniile de marketing \u00een Polonia \u0219i s\u0103 vizeze pia\u021ba polonez\u0103 \u00een limba polonez\u0103.<\/span><\/p>\n<p><span style=\"font-weight: 400;\">La cel\u0103lalt cap\u0103t al acestui spectru se afl\u0103 <\/span><b>clien\u021bii de import<\/b><span style=\"font-weight: 400;\"> care doresc s\u0103 vizeze Rom\u00e2nia sau \u021bara de origine a agen\u021biei digitale pentru strategia lor de extindere. Un exemplu poate fi un magazin online cu sediul \u00een Polonia care vizeaz\u0103 Rom\u00e2nia \u0219i are nevoie de campanii de marketing \u00een limba rom\u00e2n\u0103 pentru public rom\u00e2n \u0219i bine\u00een\u021beles de know-how legat de cultura rom\u00e2neasc\u0103.<\/span><\/p>\n<p><span style=\"font-weight: 400;\">Iata cele <\/span><b>4 macro-segmente<\/b><span style=\"font-weight: 400;\">!<\/span><\/p>\n<p><span style=\"font-weight: 400;\">Ceea ce este frumos, dar \u00een acela\u0219i timp provocator pentru aceasta zon\u0103, a Europei Central\u0103 \u0219i de Est este diversitatea cultural\u0103. \u00centrebarea cea mai grea este cum putem ajuta companiile s\u0103 creasc\u0103 \u0219i s\u0103 \u00eenfloreasc\u0103 \u00eentr-o pia\u021b\u0103 at\u00e2t de divers\u0103 din punct de vedere cultural \u0219i lingvistic?<\/span><\/p>\n<p><span style=\"font-weight: 400;\">Aici se potrive\u0219te perfect cu misiunea <\/span><span style=\"font-weight: 400;\">CEE Digital Alliance<\/span><span style=\"font-weight: 400;\">, alian\u021ba de agen\u021bii independente, recunoscute interna\u021bional \u0219i local, premiate \u0219i partenere Google, care acoper\u0103 aceast\u0103 pia\u021b\u0103 divers\u0103 a Europei Central\u0103 \u0219i de Est.&nbsp;<\/span><\/p>\n<p><span style=\"font-weight: 400;\">Agen\u021bii din Rom\u00e2nia, Polonia, Ungaria, Slovenia, Slovacia, Croa\u021bia, Republica Ceh\u0103, Bulgaria, Ucraina s-au adunat \u00een calitate de parteneri \u0219i au fondat <\/span><span style=\"font-weight: 400;\">CEE Digital Alliance<\/span><span style=\"font-weight: 400;\"> pentru a ajuta companiile s\u0103-\u0219i extind\u0103 pie\u021bele \u0219i s\u0103 profite de cuno\u0219tin\u021bele despre particularit\u0103\u021bile pie\u021belor locale pe care le posed\u0103 fiecare dintre agen\u021bie.<\/span><\/p>\n<p><span style=\"font-weight: 400;\">Parteneriatul <\/span><span style=\"font-weight: 400;\">CEE Digital Alliance<\/span><span style=\"font-weight: 400;\"> cuprinde peste 500 de exper\u021bi certifica\u021bi cu bugete media \u00een grija de peste 24 de milioane de euro gestionate anual \u0219i peste 2100 de proiecte livrate, prin intermediul c\u0103reia membrii acesteia pot sa-\u0219i ajute clien\u021bii s\u0103 aib\u0103 acces f\u0103r\u0103 probleme la solu\u021bii eficiente de marketing digital.<\/span><\/p>\n<p><span style=\"font-weight: 400;\">To\u021bi membrii <\/span><span style=\"font-weight: 400;\">CEE Digital Alliance<\/span><span style=\"font-weight: 400;\"> sunt agen\u021bii partenere Google, independente, cu prezen\u021b\u0103 pe pia\u021b\u0103 de minim 4 ani \u0219i care au peste 60 de premii europene \u0219i nominaliz\u0103ri.<\/span><\/p>\n<p><a href=\"https:\/\/kg-media.eu\/en\/\"><span style=\"font-weight: 400;\">KG-Media<\/span><\/a><span style=\"font-weight: 400;\">, <\/span><a href=\"https:\/\/webdigital.ro\/\"><span style=\"font-weight: 400;\">WebDigital<\/span><\/a><span style=\"font-weight: 400;\">, <\/span><a href=\"http:\/\/www.dinetix.si\/splo%C5%A1ni-pogoji\"><span style=\"font-weight: 400;\">Dinetix<\/span><\/a><span style=\"font-weight: 400;\">, <\/span><a href=\"https:\/\/www.bluerank.pl\/\"><span style=\"font-weight: 400;\">Bluerank<\/span><\/a><span style=\"font-weight: 400;\">, <\/span><a href=\"https:\/\/www.growwwdigital.com\/\"><span style=\"font-weight: 400;\">Growww Digital<\/span><\/a><span style=\"font-weight: 400;\">, <\/span><a href=\"https:\/\/www.effectix.com\/copy-of-vop\"><span style=\"font-weight: 400;\">Effectix<\/span><\/a><span style=\"font-weight: 400;\">, <\/span><a href=\"https:\/\/bastadigital.com\/en\/\"><span style=\"font-weight: 400;\">Basta Digital<\/span><\/a><span style=\"font-weight: 400;\">, <\/span><a href=\"https:\/\/kokos.agency\/\"><span style=\"font-weight: 400;\">agen\u021bia Kokos<\/span><\/a><span style=\"font-weight: 400;\">, <\/span><a href=\"https:\/\/www.slopelift.com\/?lang=en\"><span style=\"font-weight: 400;\">Slopelift<\/span><\/a><span style=\"font-weight: 400;\">, <\/span><a href=\"https:\/\/dwf.ro\/?gclid=EAIaIQobChMIq5Hp0Ljm4QIVwqSaCh216w7wEAAYASAAEgJwp_D_BwE\"><span style=\"font-weight: 400;\">DWF<\/span><\/a><span style=\"font-weight: 400;\">, <\/span><a href=\"https:\/\/netpeak.net\/\"><span style=\"font-weight: 400;\">Netpeak<\/span><\/a><span style=\"font-weight: 400;\"> sunt titanii din spatele <\/span><a href=\"https:\/\/bluealliance.eu\/en\"><span style=\"font-weight: 400;\">CEE Digital Alliance<\/span><\/a><span style=\"font-weight: 400;\">, care au avut curajul s\u0103-\u0219i&nbsp; localizeze toate ac\u021biunile de marketing prin intermediul schimbului de idei despre cum s\u0103 furnizeze servicii de marketing digital de cea mai bun\u0103 calitate.<\/span><\/p>\n<div dir=\"ltr\" align=\"left\">\n<table style=\"height: 451px;\" width=\"813\">\n<tbody>\n<tr>\n<td>\n<p dir=\"ltr\"><img loading=\"lazy\" decoding=\"async\" class=\"aligncenter\" src=\"https:\/\/lh3.googleusercontent.com\/C8ojTeWhI310rs2aCkYuxBndgFNN-YfXPNS3kvfX_m76ue0tJFYQiPIC5C-WC5g9u3-uXVq4af_e9aG3pRSEEOzp3KGD0UILG8imsW9wcyVWanfSKaTYqjTEP3Ypah_8wv8kkUaC\" width=\"610\" height=\"408\"><\/p>\n<\/td>\n<\/tr>\n<\/tbody>\n<\/table>\n<\/div>\n<p style=\"text-align: left;\"><span style=\"font-weight: 400;\">\u00cempreun\u0103 cu al\u021bi co-fondatori ai alian\u021bei, m-am dedicat ideii de a construi \u0219i de a dezvolta o surs\u0103 valoroas\u0103 de informa\u021bii despre provoc\u0103rile \u0219i oportunit\u0103\u021bile acestei regiuni \u0219i \u00een a ajuta afacerile sa creasc\u0103 printr-o re\u021bea de \u00eencredere, local\u0103 \u0219i performant\u0103 de agen\u021bii de marketing digital.<\/span><\/p>\n<p><span style=\"font-weight: 400;\">Ne \u00eent\u00e2lnim periodic cu reprezentan\u021bii tuturor agen\u021biilor partenere \u0219i facem schimb de idei pentru \u00eembog\u0103\u021birea bazei de cuno\u0219tin\u021be colectiva \u0219i pentru a analiza pove\u0219tile de succes realizate \u00eempreun\u0103. De data aceasta a fost r\u00e2ndul Rom\u00e2niei s\u0103 g\u0103zduiasc\u0103 \u00eent\u00e2lnirea \u0219i a fost o experien\u021b\u0103 memorabil\u0103 pentru parteneri.&nbsp;<\/span><\/p>\n<p><span style=\"font-weight: 400;\">Vede\u021bi fotografiile pe <\/span><a href=\"https:\/\/www.facebook.com\/irmunteanu\/\"><span style=\"font-weight: 400;\">Facebook<\/span><\/a><span style=\"font-weight: 400;\">, <\/span><a href=\"https:\/\/www.instagram.com\/follow.imunteanu\/\"><span style=\"font-weight: 400;\">Instagram<\/span><\/a><span style=\"font-weight: 400;\">! \u0218i dac\u0103 te afli \u00een oricare dintre aceste categorii de clien\u021bi, nu ezita s\u0103 deveni una dintre pove\u0219tile noastre de succes. Trimite-mi un e-mail pentru c\u0103 \u0219tiu c\u00e2teva persoane care te pot ajuta!<\/span><\/p>\n<p><span style=\"font-weight: 400;\">Asculta\u021bi \u0219i <\/span><a href=\"https:\/\/soundcloud.com\/user-228862969\/cine-este-bluealliance-si-de-ce-au-venit-la-bucuresti\"><span style=\"font-weight: 400;\">versiunea audio<\/span><\/a><span style=\"font-weight: 400;\"> a articolului!<\/span><\/p>\n","protected":false},"excerpt":{"rendered":"<p>CEE Digital Alliance, o uniune de agen\u021bii independente de marketing digital de top din regiunea Europei Centrale \u0219i de Est, a avut cea de-a 5-a \u00eent\u00e2lnire la Bucure\u0219ti. Misiunea noastr\u0103 este s\u0103 ajutam clien\u021bii sa-\u0219i localizeze ac\u021biunile de marketing digital. [&hellip;]<\/p>\n","protected":false},"author":2,"featured_media":11826,"comment_status":"open","ping_status":"open","sticky":false,"template":"","format":"standard","meta":{"footnotes":""},"categories":[18],"tags":[],"class_list":["post-11807","post","type-post","status-publish","format-standard","has-post-thumbnail","hentry","category-business"],"yoast_head":"<!-- This site is optimized with the Yoast SEO plugin v23.2 - https:\/\/yoast.com\/wordpress\/plugins\/seo\/ -->\n<title>Cine e CEE Digital Alliance \u0219i de ce s-au intalnit \u00een Bucure\u0219ti? - (ro) iMunteanu.com<\/title>\n<meta name=\"robots\" content=\"index, follow, max-snippet:-1, max-image-preview:large, max-video-preview:-1\" \/>\n<link rel=\"canonical\" href=\"https:\/\/imunteanu.com\/ro\/cine-e-cee-digital-alliance-si-de-ce-s-au-intalnit-in-bucuresti\/\" \/>\n<meta property=\"og:locale\" content=\"ro_RO\" \/>\n<meta property=\"og:type\" content=\"article\" \/>\n<meta property=\"og:title\" content=\"Cine e CEE Digital Alliance \u0219i de ce s-au intalnit \u00een Bucure\u0219ti? - (ro) iMunteanu.com\" \/>\n<meta property=\"og:description\" content=\"CEE Digital Alliance, o uniune de agen\u021bii independente de marketing digital de top din regiunea Europei Centrale \u0219i de Est, a avut cea de-a 5-a \u00eent\u00e2lnire la Bucure\u0219ti. Misiunea noastr\u0103 este s\u0103 ajutam clien\u021bii sa-\u0219i localizeze ac\u021biunile de marketing digital. [&hellip;]\" \/>\n<meta property=\"og:url\" content=\"https:\/\/imunteanu.com\/ro\/cine-e-cee-digital-alliance-si-de-ce-s-au-intalnit-in-bucuresti\/\" \/>\n<meta property=\"og:site_name\" content=\"(ro) iMunteanu.com\" \/>\n<meta property=\"article:publisher\" content=\"https:\/\/www.facebook.com\/irmunteanu\/\" \/>\n<meta property=\"article:author\" content=\"https:\/\/www.facebook.com\/irmunteanu\/\" \/>\n<meta property=\"article:published_time\" content=\"2019-11-27T09:34:00+00:00\" \/>\n<meta property=\"article:modified_time\" content=\"2019-12-04T14:29:34+00:00\" \/>\n<meta property=\"og:image\" content=\"https:\/\/imunteanu.com\/ro\/wp-content\/uploads\/sites\/4\/2019\/11\/Ionut9.07.jpg\" \/>\n\t<meta property=\"og:image:width\" content=\"2072\" \/>\n\t<meta property=\"og:image:height\" content=\"1470\" \/>\n\t<meta property=\"og:image:type\" content=\"image\/jpeg\" \/>\n<meta name=\"author\" content=\"Ionu\u021b Radu Munteanu\" \/>\n<meta name=\"twitter:card\" content=\"summary_large_image\" \/>\n<meta name=\"twitter:creator\" content=\"@imunteanu\" \/>\n<meta name=\"twitter:site\" content=\"@imunteanu\" \/>\n<meta name=\"twitter:label1\" content=\"Scris de\" \/>\n\t<meta name=\"twitter:data1\" content=\"Ionu\u021b Radu Munteanu\" \/>\n\t<meta name=\"twitter:label2\" content=\"Timp estimat pentru citire\" \/>\n\t<meta name=\"twitter:data2\" content=\"5 minute\" \/>\n<script type=\"application\/ld+json\" class=\"yoast-schema-graph\">{\"@context\":\"https:\/\/schema.org\",\"@graph\":[{\"@type\":\"Article\",\"@id\":\"https:\/\/imunteanu.com\/ro\/cine-e-cee-digital-alliance-si-de-ce-s-au-intalnit-in-bucuresti\/#article\",\"isPartOf\":{\"@id\":\"https:\/\/imunteanu.com\/ro\/cine-e-cee-digital-alliance-si-de-ce-s-au-intalnit-in-bucuresti\/\"},\"author\":{\"name\":\"Ionu\u021b Radu Munteanu\",\"@id\":\"https:\/\/imunteanu.com\/ro\/#\/schema\/person\/601f4f83c3d8535440cd02b96b7be132\"},\"headline\":\"Cine e CEE Digital Alliance \u0219i de ce s-au intalnit \u00een Bucure\u0219ti?\",\"datePublished\":\"2019-11-27T09:34:00+00:00\",\"dateModified\":\"2019-12-04T14:29:34+00:00\",\"mainEntityOfPage\":{\"@id\":\"https:\/\/imunteanu.com\/ro\/cine-e-cee-digital-alliance-si-de-ce-s-au-intalnit-in-bucuresti\/\"},\"wordCount\":1038,\"commentCount\":0,\"publisher\":{\"@id\":\"https:\/\/imunteanu.com\/ro\/#\/schema\/person\/601f4f83c3d8535440cd02b96b7be132\"},\"image\":{\"@id\":\"https:\/\/imunteanu.com\/ro\/cine-e-cee-digital-alliance-si-de-ce-s-au-intalnit-in-bucuresti\/#primaryimage\"},\"thumbnailUrl\":\"https:\/\/imunteanu.com\/ro\/wp-content\/uploads\/sites\/4\/2019\/11\/Ionut9.07.jpg\",\"articleSection\":[\"Business\"],\"inLanguage\":\"ro-RO\",\"potentialAction\":[{\"@type\":\"CommentAction\",\"name\":\"Comment\",\"target\":[\"https:\/\/imunteanu.com\/ro\/cine-e-cee-digital-alliance-si-de-ce-s-au-intalnit-in-bucuresti\/#respond\"]}]},{\"@type\":\"WebPage\",\"@id\":\"https:\/\/imunteanu.com\/ro\/cine-e-cee-digital-alliance-si-de-ce-s-au-intalnit-in-bucuresti\/\",\"url\":\"https:\/\/imunteanu.com\/ro\/cine-e-cee-digital-alliance-si-de-ce-s-au-intalnit-in-bucuresti\/\",\"name\":\"Cine e CEE Digital Alliance \u0219i de ce s-au intalnit \u00een Bucure\u0219ti? - (ro) iMunteanu.com\",\"isPartOf\":{\"@id\":\"https:\/\/imunteanu.com\/ro\/#website\"},\"primaryImageOfPage\":{\"@id\":\"https:\/\/imunteanu.com\/ro\/cine-e-cee-digital-alliance-si-de-ce-s-au-intalnit-in-bucuresti\/#primaryimage\"},\"image\":{\"@id\":\"https:\/\/imunteanu.com\/ro\/cine-e-cee-digital-alliance-si-de-ce-s-au-intalnit-in-bucuresti\/#primaryimage\"},\"thumbnailUrl\":\"https:\/\/imunteanu.com\/ro\/wp-content\/uploads\/sites\/4\/2019\/11\/Ionut9.07.jpg\",\"datePublished\":\"2019-11-27T09:34:00+00:00\",\"dateModified\":\"2019-12-04T14:29:34+00:00\",\"breadcrumb\":{\"@id\":\"https:\/\/imunteanu.com\/ro\/cine-e-cee-digital-alliance-si-de-ce-s-au-intalnit-in-bucuresti\/#breadcrumb\"},\"inLanguage\":\"ro-RO\",\"potentialAction\":[{\"@type\":\"ReadAction\",\"target\":[\"https:\/\/imunteanu.com\/ro\/cine-e-cee-digital-alliance-si-de-ce-s-au-intalnit-in-bucuresti\/\"]}]},{\"@type\":\"ImageObject\",\"inLanguage\":\"ro-RO\",\"@id\":\"https:\/\/imunteanu.com\/ro\/cine-e-cee-digital-alliance-si-de-ce-s-au-intalnit-in-bucuresti\/#primaryimage\",\"url\":\"https:\/\/imunteanu.com\/ro\/wp-content\/uploads\/sites\/4\/2019\/11\/Ionut9.07.jpg\",\"contentUrl\":\"https:\/\/imunteanu.com\/ro\/wp-content\/uploads\/sites\/4\/2019\/11\/Ionut9.07.jpg\",\"width\":2072,\"height\":1470},{\"@type\":\"BreadcrumbList\",\"@id\":\"https:\/\/imunteanu.com\/ro\/cine-e-cee-digital-alliance-si-de-ce-s-au-intalnit-in-bucuresti\/#breadcrumb\",\"itemListElement\":[{\"@type\":\"ListItem\",\"position\":1,\"name\":\"Home\",\"item\":\"https:\/\/imunteanu.com\/ro\/\"},{\"@type\":\"ListItem\",\"position\":2,\"name\":\"Cine e CEE Digital Alliance \u0219i de ce s-au intalnit \u00een Bucure\u0219ti?\"}]},{\"@type\":\"WebSite\",\"@id\":\"https:\/\/imunteanu.com\/ro\/#website\",\"url\":\"https:\/\/imunteanu.com\/ro\/\",\"name\":\"iMunteanu.com\",\"description\":\"\",\"publisher\":{\"@id\":\"https:\/\/imunteanu.com\/ro\/#\/schema\/person\/601f4f83c3d8535440cd02b96b7be132\"},\"potentialAction\":[{\"@type\":\"SearchAction\",\"target\":{\"@type\":\"EntryPoint\",\"urlTemplate\":\"https:\/\/imunteanu.com\/ro\/?s={search_term_string}\"},\"query-input\":\"required name=search_term_string\"}],\"inLanguage\":\"ro-RO\"},{\"@type\":[\"Person\",\"Organization\"],\"@id\":\"https:\/\/imunteanu.com\/ro\/#\/schema\/person\/601f4f83c3d8535440cd02b96b7be132\",\"name\":\"Ionu\u021b Radu Munteanu\",\"image\":{\"@type\":\"ImageObject\",\"inLanguage\":\"ro-RO\",\"@id\":\"https:\/\/imunteanu.com\/ro\/#\/schema\/person\/image\/\",\"url\":\"https:\/\/secure.gravatar.com\/avatar\/50d58aa9761d409246e1243accf6d2c431c9e938d60f4013cdbe8040b278b25f?s=96&d=mm&r=g\",\"contentUrl\":\"https:\/\/secure.gravatar.com\/avatar\/50d58aa9761d409246e1243accf6d2c431c9e938d60f4013cdbe8040b278b25f?s=96&d=mm&r=g\",\"caption\":\"Ionu\u021b Radu Munteanu\"},\"logo\":{\"@id\":\"https:\/\/imunteanu.com\/ro\/#\/schema\/person\/image\/\"},\"description\":\"Cu o experien\u021b\u0103 de peste 15 ani \u015fi peste 20,000 ore de lucru \u00een Digital Marketing, 4 companii \u00eenfiin\u021bate \u0219i active \u00een pia\u021ba, m-am str\u0103duit constant s\u0103 construiesc sisteme care s\u0103 ajute oamenii s\u0103-\u015fi valorifice pasiunea. \u00cen tot acest timp, am ajutat mai mult de 500 companii s\u0103 \u00ee\u015fi creasc\u0103 cifra de afaceri \u015fi clientela. Am mentorat \u0219i contribuit la dezvoltarea a peste 50 de profesioni\u015fti, \u00eendrum\u00e2ndu-i \u00een cariera lor \u00een Digital Marketing pe care au ales-o. Am fondat agen\u021bia de performance media, WebDigital \u0219i am fondat \u0219i lansat solutia SaaS Reefkig. Sunt membru \u00een consiliul director IAB Romania \u0219i \u00een consiliul director CEE Digital Alliance. \u00cemi doresc s\u0103 asist \u00een dezvoltarea competen\u021belor \u00een pia\u021ba de digital marketing din Rom\u00e2nia, at\u00e2t pe speciali\u0219ti, c\u00e2t \u0219i pe antreprenori.\",\"sameAs\":[\"https:\/\/www.imunteanu.com\",\"https:\/\/www.facebook.com\/irmunteanu\/\",\"https:\/\/www.instagram.com\/follow.imunteanu\/\",\"https:\/\/www.linkedin.com\/in\/imunteanu\/\",\"https:\/\/x.com\/imunteanu\",\"https:\/\/www.youtube.com\/channel\/UCW-fUwa8k8DZRlc85LT8ePA\",\"https:\/\/soundcloud.com\/user-228862969\"],\"url\":\"https:\/\/imunteanu.com\/ro\/author\/imunteanu\/\"}]}<\/script>\n<!-- \/ Yoast SEO plugin. -->","yoast_head_json":{"title":"Cine e CEE Digital Alliance \u0219i de ce s-au intalnit \u00een Bucure\u0219ti? - (ro) iMunteanu.com","robots":{"index":"index","follow":"follow","max-snippet":"max-snippet:-1","max-image-preview":"max-image-preview:large","max-video-preview":"max-video-preview:-1"},"canonical":"https:\/\/imunteanu.com\/ro\/cine-e-cee-digital-alliance-si-de-ce-s-au-intalnit-in-bucuresti\/","og_locale":"ro_RO","og_type":"article","og_title":"Cine e CEE Digital Alliance \u0219i de ce s-au intalnit \u00een Bucure\u0219ti? - (ro) iMunteanu.com","og_description":"CEE Digital Alliance, o uniune de agen\u021bii independente de marketing digital de top din regiunea Europei Centrale \u0219i de Est, a avut cea de-a 5-a \u00eent\u00e2lnire la Bucure\u0219ti. Misiunea noastr\u0103 este s\u0103 ajutam clien\u021bii sa-\u0219i localizeze ac\u021biunile de marketing digital. [&hellip;]","og_url":"https:\/\/imunteanu.com\/ro\/cine-e-cee-digital-alliance-si-de-ce-s-au-intalnit-in-bucuresti\/","og_site_name":"(ro) iMunteanu.com","article_publisher":"https:\/\/www.facebook.com\/irmunteanu\/","article_author":"https:\/\/www.facebook.com\/irmunteanu\/","article_published_time":"2019-11-27T09:34:00+00:00","article_modified_time":"2019-12-04T14:29:34+00:00","og_image":[{"width":2072,"height":1470,"url":"https:\/\/imunteanu.com\/ro\/wp-content\/uploads\/sites\/4\/2019\/11\/Ionut9.07.jpg","type":"image\/jpeg"}],"author":"Ionu\u021b Radu Munteanu","twitter_card":"summary_large_image","twitter_creator":"@imunteanu","twitter_site":"@imunteanu","twitter_misc":{"Scris de":"Ionu\u021b Radu Munteanu","Timp estimat pentru citire":"5 minute"},"schema":{"@context":"https:\/\/schema.org","@graph":[{"@type":"Article","@id":"https:\/\/imunteanu.com\/ro\/cine-e-cee-digital-alliance-si-de-ce-s-au-intalnit-in-bucuresti\/#article","isPartOf":{"@id":"https:\/\/imunteanu.com\/ro\/cine-e-cee-digital-alliance-si-de-ce-s-au-intalnit-in-bucuresti\/"},"author":{"name":"Ionu\u021b Radu Munteanu","@id":"https:\/\/imunteanu.com\/ro\/#\/schema\/person\/601f4f83c3d8535440cd02b96b7be132"},"headline":"Cine e CEE Digital Alliance \u0219i de ce s-au intalnit \u00een Bucure\u0219ti?","datePublished":"2019-11-27T09:34:00+00:00","dateModified":"2019-12-04T14:29:34+00:00","mainEntityOfPage":{"@id":"https:\/\/imunteanu.com\/ro\/cine-e-cee-digital-alliance-si-de-ce-s-au-intalnit-in-bucuresti\/"},"wordCount":1038,"commentCount":0,"publisher":{"@id":"https:\/\/imunteanu.com\/ro\/#\/schema\/person\/601f4f83c3d8535440cd02b96b7be132"},"image":{"@id":"https:\/\/imunteanu.com\/ro\/cine-e-cee-digital-alliance-si-de-ce-s-au-intalnit-in-bucuresti\/#primaryimage"},"thumbnailUrl":"https:\/\/imunteanu.com\/ro\/wp-content\/uploads\/sites\/4\/2019\/11\/Ionut9.07.jpg","articleSection":["Business"],"inLanguage":"ro-RO","potentialAction":[{"@type":"CommentAction","name":"Comment","target":["https:\/\/imunteanu.com\/ro\/cine-e-cee-digital-alliance-si-de-ce-s-au-intalnit-in-bucuresti\/#respond"]}]},{"@type":"WebPage","@id":"https:\/\/imunteanu.com\/ro\/cine-e-cee-digital-alliance-si-de-ce-s-au-intalnit-in-bucuresti\/","url":"https:\/\/imunteanu.com\/ro\/cine-e-cee-digital-alliance-si-de-ce-s-au-intalnit-in-bucuresti\/","name":"Cine e CEE Digital Alliance \u0219i de ce s-au intalnit \u00een Bucure\u0219ti? - (ro) iMunteanu.com","isPartOf":{"@id":"https:\/\/imunteanu.com\/ro\/#website"},"primaryImageOfPage":{"@id":"https:\/\/imunteanu.com\/ro\/cine-e-cee-digital-alliance-si-de-ce-s-au-intalnit-in-bucuresti\/#primaryimage"},"image":{"@id":"https:\/\/imunteanu.com\/ro\/cine-e-cee-digital-alliance-si-de-ce-s-au-intalnit-in-bucuresti\/#primaryimage"},"thumbnailUrl":"https:\/\/imunteanu.com\/ro\/wp-content\/uploads\/sites\/4\/2019\/11\/Ionut9.07.jpg","datePublished":"2019-11-27T09:34:00+00:00","dateModified":"2019-12-04T14:29:34+00:00","breadcrumb":{"@id":"https:\/\/imunteanu.com\/ro\/cine-e-cee-digital-alliance-si-de-ce-s-au-intalnit-in-bucuresti\/#breadcrumb"},"inLanguage":"ro-RO","potentialAction":[{"@type":"ReadAction","target":["https:\/\/imunteanu.com\/ro\/cine-e-cee-digital-alliance-si-de-ce-s-au-intalnit-in-bucuresti\/"]}]},{"@type":"ImageObject","inLanguage":"ro-RO","@id":"https:\/\/imunteanu.com\/ro\/cine-e-cee-digital-alliance-si-de-ce-s-au-intalnit-in-bucuresti\/#primaryimage","url":"https:\/\/imunteanu.com\/ro\/wp-content\/uploads\/sites\/4\/2019\/11\/Ionut9.07.jpg","contentUrl":"https:\/\/imunteanu.com\/ro\/wp-content\/uploads\/sites\/4\/2019\/11\/Ionut9.07.jpg","width":2072,"height":1470},{"@type":"BreadcrumbList","@id":"https:\/\/imunteanu.com\/ro\/cine-e-cee-digital-alliance-si-de-ce-s-au-intalnit-in-bucuresti\/#breadcrumb","itemListElement":[{"@type":"ListItem","position":1,"name":"Home","item":"https:\/\/imunteanu.com\/ro\/"},{"@type":"ListItem","position":2,"name":"Cine e CEE Digital Alliance \u0219i de ce s-au intalnit \u00een Bucure\u0219ti?"}]},{"@type":"WebSite","@id":"https:\/\/imunteanu.com\/ro\/#website","url":"https:\/\/imunteanu.com\/ro\/","name":"iMunteanu.com","description":"","publisher":{"@id":"https:\/\/imunteanu.com\/ro\/#\/schema\/person\/601f4f83c3d8535440cd02b96b7be132"},"potentialAction":[{"@type":"SearchAction","target":{"@type":"EntryPoint","urlTemplate":"https:\/\/imunteanu.com\/ro\/?s={search_term_string}"},"query-input":"required name=search_term_string"}],"inLanguage":"ro-RO"},{"@type":["Person","Organization"],"@id":"https:\/\/imunteanu.com\/ro\/#\/schema\/person\/601f4f83c3d8535440cd02b96b7be132","name":"Ionu\u021b Radu Munteanu","image":{"@type":"ImageObject","inLanguage":"ro-RO","@id":"https:\/\/imunteanu.com\/ro\/#\/schema\/person\/image\/","url":"https:\/\/secure.gravatar.com\/avatar\/50d58aa9761d409246e1243accf6d2c431c9e938d60f4013cdbe8040b278b25f?s=96&d=mm&r=g","contentUrl":"https:\/\/secure.gravatar.com\/avatar\/50d58aa9761d409246e1243accf6d2c431c9e938d60f4013cdbe8040b278b25f?s=96&d=mm&r=g","caption":"Ionu\u021b Radu Munteanu"},"logo":{"@id":"https:\/\/imunteanu.com\/ro\/#\/schema\/person\/image\/"},"description":"Cu o experien\u021b\u0103 de peste 15 ani \u015fi peste 20,000 ore de lucru \u00een Digital Marketing, 4 companii \u00eenfiin\u021bate \u0219i active \u00een pia\u021ba, m-am str\u0103duit constant s\u0103 construiesc sisteme care s\u0103 ajute oamenii s\u0103-\u015fi valorifice pasiunea. \u00cen tot acest timp, am ajutat mai mult de 500 companii s\u0103 \u00ee\u015fi creasc\u0103 cifra de afaceri \u015fi clientela. Am mentorat \u0219i contribuit la dezvoltarea a peste 50 de profesioni\u015fti, \u00eendrum\u00e2ndu-i \u00een cariera lor \u00een Digital Marketing pe care au ales-o. Am fondat agen\u021bia de performance media, WebDigital \u0219i am fondat \u0219i lansat solutia SaaS Reefkig. Sunt membru \u00een consiliul director IAB Romania \u0219i \u00een consiliul director CEE Digital Alliance. \u00cemi doresc s\u0103 asist \u00een dezvoltarea competen\u021belor \u00een pia\u021ba de digital marketing din Rom\u00e2nia, at\u00e2t pe speciali\u0219ti, c\u00e2t \u0219i pe antreprenori.","sameAs":["https:\/\/www.imunteanu.com","https:\/\/www.facebook.com\/irmunteanu\/","https:\/\/www.instagram.com\/follow.imunteanu\/","https:\/\/www.linkedin.com\/in\/imunteanu\/","https:\/\/x.com\/imunteanu","https:\/\/www.youtube.com\/channel\/UCW-fUwa8k8DZRlc85LT8ePA","https:\/\/soundcloud.com\/user-228862969"],"url":"https:\/\/imunteanu.com\/ro\/author\/imunteanu\/"}]}},"_links":{"self":[{"href":"https:\/\/imunteanu.com\/ro\/wp-json\/wp\/v2\/posts\/11807","targetHints":{"allow":["GET"]}}],"collection":[{"href":"https:\/\/imunteanu.com\/ro\/wp-json\/wp\/v2\/posts"}],"about":[{"href":"https:\/\/imunteanu.com\/ro\/wp-json\/wp\/v2\/types\/post"}],"author":[{"embeddable":true,"href":"https:\/\/imunteanu.com\/ro\/wp-json\/wp\/v2\/users\/2"}],"replies":[{"embeddable":true,"href":"https:\/\/imunteanu.com\/ro\/wp-json\/wp\/v2\/comments?post=11807"}],"version-history":[{"count":4,"href":"https:\/\/imunteanu.com\/ro\/wp-json\/wp\/v2\/posts\/11807\/revisions"}],"predecessor-version":[{"id":11827,"href":"https:\/\/imunteanu.com\/ro\/wp-json\/wp\/v2\/posts\/11807\/revisions\/11827"}],"wp:featuredmedia":[{"embeddable":true,"href":"https:\/\/imunteanu.com\/ro\/wp-json\/wp\/v2\/media\/11826"}],"wp:attachment":[{"href":"https:\/\/imunteanu.com\/ro\/wp-json\/wp\/v2\/media?parent=11807"}],"wp:term":[{"taxonomy":"category","embeddable":true,"href":"https:\/\/imunteanu.com\/ro\/wp-json\/wp\/v2\/categories?post=11807"},{"taxonomy":"post_tag","embeddable":true,"href":"https:\/\/imunteanu.com\/ro\/wp-json\/wp\/v2\/tags?post=11807"}],"curies":[{"name":"wp","href":"https:\/\/api.w.org\/{rel}","templated":true}]}}